{"id":1449,"date":"2022-04-06T12:19:23","date_gmt":"2022-04-06T10:19:23","guid":{"rendered":"https:\/\/proksch.at\/?p=1449"},"modified":"2022-10-03T18:04:26","modified_gmt":"2022-10-03T16:04:26","slug":"gewaehrleistungrecht-neu_06-04-2022","status":"publish","type":"post","link":"https:\/\/proksch.at\/en\/rechtsupdates\/gewaehrleistungrecht-neu_06-04-2022\/","title":{"rendered":"Gew\u00e4hrleistungrecht Neu<br>06.04.2022"},"content":{"rendered":"<h2>Gew\u00e4hrleistungrecht Neu<\/h2>\n<p>Wien, am 06.04.2022<\/p>\n<p>&nbsp;<\/p>\n<p>Mit Jahresanfang 2022 sind wesentliche \u00c4nderungen im Gew\u00e4hrleistungsrecht in Kraft getreten. Nachfolgend finden Sie einen \u00dcberblick.<br \/>\nNunmehr ist im Gew\u00e4hrleistungsrecht neben den Bestimmungen des ABGB auch das neue Verbrauchergew\u00e4hrleistungsgesetz (VGG) zu ber\u00fccksichtigen.<\/p>\n<p>Das VGG gilt grunds\u00e4tzlich f\u00fcr Vertr\u00e4ge zwischen Unternehmern und Verbrauchern<\/p>\n<ul>\n<li>\u00fcber den Kauf von Waren inklusive solcher, die erst herzustellen sind (Werklieferungsvertr\u00e4ge), und<\/li>\n<li>\u00fcber die Bereitstellung digitaler Inhalte und Dienstleistungen<\/li>\n<\/ul>\n<p>Aber Achtung, auf einzelne Sachverhalte ist das VGG nicht anzuwenden.<br \/>\nSoweit das VGG nicht anzuwenden ist, sind weiterhin die Bestimmungen des ABGB heranzuziehen, insbesondere<\/p>\n<ul>\n<li>bei Kaufvertr\u00e4gen \u00fcber unbewegliche Sachen,<\/li>\n<li>Tauschvertr\u00e4ge \u00fcber k\u00f6rperliche Sachen und<\/li>\n<li>reine Werkvertr\u00e4ge.<\/li>\n<\/ul>\n<p>Nachstehend werden die wesentlichen Neuerungen durch das VGG n\u00e4her erl\u00e4utert.<\/p>\n<p>&nbsp;<\/p>\n<h4><strong>Mangelbegriff und Abbedingungsmechanismus:<\/strong><\/h4>\n<p>Ein Mangel liegt vor, wenn die Ware oder digitale Leistung die vertraglich vereinbarten Eigenschaften oder die objektiv erforderlichen Eigenschaften \u2013 einen \u201eMindeststandard\u201c \u2013 nicht aufweist.<br \/>\nZweiteres ist eine Ausweitung des Mangelbegriffs, die aber vertraglich durch eine ausdr\u00fcckliche Zustimmung des Verbrauchers abbedungen werden kann. Eine Zustimmung in den AGB ist daf\u00fcr nicht ausreichend.<\/p>\n<h4><strong><br \/>\nAktualisierungspflicht:<\/strong><\/h4>\n<p>Den Unternehmer trifft f\u00fcr Waren mit digitalen Elementen und f\u00fcr digitale Leistungen eine Aktualisierungspflicht. Er muss die zur Aufrechterhaltung der M\u00e4ngelfreiheit erforderlichen Updates zur Verf\u00fcgung stellen. Diese Pflicht gilt f\u00fcr \u201eB2B\u201c- und \u201eB2C\u201c-Vertr\u00e4ge und kann unter qualifizierten Voraussetzungen ausgeschlossen werden.<br \/>\nVorsicht! Mit der Ausnahme der Aktualisierungspflicht ist das VGG nicht auf Vertr\u00e4ge zwischen Unternehmern (\u201eB2B\u201c) und zwischen Verbrauchern (\u201eC2C\u201c) anzuwenden.<\/p>\n<h4><strong>Gew\u00e4hrleistungsbehelfe: <\/strong><\/h4>\n<p>Neu ist, dass der Unternehmer bei Aufl\u00f6sung des Vertrags die R\u00fcckzahlung verweigern kann, bis er entweder die Ware zur\u00fcckerhalten oder ihm ein Nachweis \u00fcber die R\u00fccksendung vorliegt.<\/p>\n<h4><strong>Gew\u00e4hrleistungsfristen:<\/strong><\/h4>\n<p>Die Gew\u00e4hrleistungsfristen betragen<\/p>\n<ul>\n<li>beim Warenkauf zwei Jahre ab \u00dcbergabe,<\/li>\n<li>bei Waren mit digitalen Elementen den gesamten Bereitstellungszeitraum (mindestens aber zwei Jahre) und<\/li>\n<li>bei fortlaufenden digitalen Leistungen den gesamten Bereitstellungszeitraum.<\/li>\n<\/ul>\n<p>Keine Ver\u00e4nderungen treten beim Kauf von unbewegliche Sachen mit einer Frist von drei Jahren ein.<br \/>\nUnter bestimmten Voraussetzungen kann die Gew\u00e4hrleistungsfrist bei gebrauchten Sachen und Kfz auf ein Jahr herabgesetzt werden.<br \/>\nAchtung! Der Verbraucher hat nunmehr nach Ablauf der Gew\u00e4hrleistungsfrist drei Monate Zeit, die M\u00e4ngel gerichtlich geltend zu machen.<\/p>\n<h4><strong>Vermutung der Mangelhaftigkeit:<\/strong><\/h4>\n<p>Im Anwendungsbereich des VGG gilt abweichend vom bestehenden ABGB eine Vermutungsfrist von zw\u00f6lf Monaten. In dieser wird angenommen, dass der Mangel bereits im Zeitpunkt der \u00dcbergabe vorlag. Die Beweislast liegt beim Verk\u00e4ufer.<\/p>\n","protected":false},"excerpt":{"rendered":"<p>Gew\u00e4hrleistungrecht Neu Wien, am 06.04.2022 &nbsp; Mit Jahresanfang 2022 sind wesentliche \u00c4nderungen im Gew\u00e4hrleistungsrecht in Kraft getreten. Nachfolgend finden Sie einen \u00dcberblick. Nunmehr ist im Gew\u00e4hrleistungsrecht neben den Bestimmungen des ABGB auch das neue Verbrauchergew\u00e4hrleistungsgesetz (VGG) zu ber\u00fccksichtigen. Das VGG gilt grunds\u00e4tzlich f\u00fcr Vertr\u00e4ge zwischen Unternehmern und Verbrauchern \u00fcber den Kauf von Waren inklusive solcher, [&hellip;]<\/p>\n","protected":false},"author":1,"featured_media":1450,"comment_status":"closed","ping_status":"closed","sticky":false,"template":"","format":"standard","meta":{"footnotes":""},"categories":[29],"tags":[],"class_list":["post-1449","post","type-post","status-publish","format-standard","has-post-thumbnail","hentry","category-rechtsupdates"],"yoast_head":"<!-- This site is optimized with the Yoast SEO plugin v25.6 - https:\/\/yoast.com\/wordpress\/plugins\/seo\/ -->\n<title>Gew\u00e4hrleistungrecht Neu06.04.2022 | Proksch &amp; Partner - Rechtsanw\u00e4lte Wien<\/title>\n<meta name=\"robots\" content=\"noindex, follow\" \/>\n<meta property=\"og:locale\" content=\"en_US\" \/>\n<meta property=\"og:type\" content=\"article\" \/>\n<meta property=\"og:title\" content=\"Gew\u00e4hrleistungrecht Neu06.04.2022 | Proksch &amp; Partner - Rechtsanw\u00e4lte Wien\" \/>\n<meta property=\"og:description\" content=\"Gew\u00e4hrleistungrecht Neu Wien, am 06.04.2022 &nbsp; Mit Jahresanfang 2022 sind wesentliche \u00c4nderungen im Gew\u00e4hrleistungsrecht in Kraft getreten. Nachfolgend finden Sie einen \u00dcberblick. Nunmehr ist im Gew\u00e4hrleistungsrecht neben den Bestimmungen des ABGB auch das neue Verbrauchergew\u00e4hrleistungsgesetz (VGG) zu ber\u00fccksichtigen. Das VGG gilt grunds\u00e4tzlich f\u00fcr Vertr\u00e4ge zwischen Unternehmern und Verbrauchern \u00fcber den Kauf von Waren inklusive solcher, [&hellip;]\" \/>\n<meta property=\"og:url\" content=\"https:\/\/proksch.at\/en\/rechtsupdates\/gewaehrleistungrecht-neu_06-04-2022\/\" \/>\n<meta property=\"og:site_name\" content=\"Proksch &amp; Partner - Rechtsanw\u00e4lte Wien\" \/>\n<meta property=\"article:published_time\" content=\"2022-04-06T10:19:23+00:00\" \/>\n<meta property=\"article:modified_time\" content=\"2022-10-03T16:04:26+00:00\" \/>\n<meta property=\"og:image\" content=\"https:\/\/proksch.at\/wp-content\/uploads\/Gewaehrleistungsrecht_NEU.jpg\" \/>\n\t<meta property=\"og:image:width\" content=\"845\" \/>\n\t<meta property=\"og:image:height\" content=\"321\" \/>\n\t<meta property=\"og:image:type\" content=\"image\/jpeg\" \/>\n<meta name=\"author\" content=\"R4aFNSVmY8Q9LJW6f8esi3BR\" \/>\n<meta name=\"twitter:card\" content=\"summary_large_image\" \/>\n<meta name=\"twitter:label1\" content=\"Written by\" \/>\n\t<meta name=\"twitter:data1\" content=\"R4aFNSVmY8Q9LJW6f8esi3BR\" \/>\n\t<meta name=\"twitter:label2\" content=\"Est. reading time\" \/>\n\t<meta name=\"twitter:data2\" content=\"2 minutes\" \/>\n<script type=\"application\/ld+json\" class=\"yoast-schema-graph\">{\"@context\":\"https:\/\/schema.org\",\"@graph\":[{\"@type\":\"Article\",\"@id\":\"https:\/\/proksch.at\/en\/rechtsupdates\/gewaehrleistungrecht-neu_06-04-2022\/#article\",\"isPartOf\":{\"@id\":\"https:\/\/proksch.at\/en\/rechtsupdates\/gewaehrleistungrecht-neu_06-04-2022\/\"},\"author\":{\"name\":\"R4aFNSVmY8Q9LJW6f8esi3BR\",\"@id\":\"https:\/\/proksch.at\/en\/#\/schema\/person\/4e985eb72510a5fb54d8a85af481ba81\"},\"headline\":\"Gew\u00e4hrleistungrecht Neu 06.04.2022\",\"datePublished\":\"2022-04-06T10:19:23+00:00\",\"dateModified\":\"2022-10-03T16:04:26+00:00\",\"mainEntityOfPage\":{\"@id\":\"https:\/\/proksch.at\/en\/rechtsupdates\/gewaehrleistungrecht-neu_06-04-2022\/\"},\"wordCount\":415,\"publisher\":{\"@id\":\"https:\/\/proksch.at\/en\/#organization\"},\"image\":{\"@id\":\"https:\/\/proksch.at\/en\/rechtsupdates\/gewaehrleistungrecht-neu_06-04-2022\/#primaryimage\"},\"thumbnailUrl\":\"https:\/\/proksch.at\/wp-content\/uploads\/Gewaehrleistungsrecht_NEU.jpg\",\"articleSection\":[\"Rechtsupdates\"],\"inLanguage\":\"en-US\"},{\"@type\":\"WebPage\",\"@id\":\"https:\/\/proksch.at\/en\/rechtsupdates\/gewaehrleistungrecht-neu_06-04-2022\/\",\"url\":\"https:\/\/proksch.at\/en\/rechtsupdates\/gewaehrleistungrecht-neu_06-04-2022\/\",\"name\":\"Gew\u00e4hrleistungrecht Neu 06.04.2022 | Proksch &amp; Partner - Rechtsanw\u00e4lte Wien\",\"isPartOf\":{\"@id\":\"https:\/\/proksch.at\/en\/#website\"},\"primaryImageOfPage\":{\"@id\":\"https:\/\/proksch.at\/en\/rechtsupdates\/gewaehrleistungrecht-neu_06-04-2022\/#primaryimage\"},\"image\":{\"@id\":\"https:\/\/proksch.at\/en\/rechtsupdates\/gewaehrleistungrecht-neu_06-04-2022\/#primaryimage\"},\"thumbnailUrl\":\"https:\/\/proksch.at\/wp-content\/uploads\/Gewaehrleistungsrecht_NEU.jpg\",\"datePublished\":\"2022-04-06T10:19:23+00:00\",\"dateModified\":\"2022-10-03T16:04:26+00:00\",\"breadcrumb\":{\"@id\":\"https:\/\/proksch.at\/en\/rechtsupdates\/gewaehrleistungrecht-neu_06-04-2022\/#breadcrumb\"},\"inLanguage\":\"en-US\",\"potentialAction\":[{\"@type\":\"ReadAction\",\"target\":[\"https:\/\/proksch.at\/en\/rechtsupdates\/gewaehrleistungrecht-neu_06-04-2022\/\"]}]},{\"@type\":\"ImageObject\",\"inLanguage\":\"en-US\",\"@id\":\"https:\/\/proksch.at\/en\/rechtsupdates\/gewaehrleistungrecht-neu_06-04-2022\/#primaryimage\",\"url\":\"https:\/\/proksch.at\/wp-content\/uploads\/Gewaehrleistungsrecht_NEU.jpg\",\"contentUrl\":\"https:\/\/proksch.at\/wp-content\/uploads\/Gewaehrleistungsrecht_NEU.jpg\",\"width\":845,\"height\":321},{\"@type\":\"BreadcrumbList\",\"@id\":\"https:\/\/proksch.at\/en\/rechtsupdates\/gewaehrleistungrecht-neu_06-04-2022\/#breadcrumb\",\"itemListElement\":[{\"@type\":\"ListItem\",\"position\":1,\"name\":\"Startseite\",\"item\":\"https:\/\/proksch.at\/en\/start\/\"},{\"@type\":\"ListItem\",\"position\":2,\"name\":\"Gew\u00e4hrleistungrecht Neu06.04.2022\"}]},{\"@type\":\"WebSite\",\"@id\":\"https:\/\/proksch.at\/en\/#website\",\"url\":\"https:\/\/proksch.at\/en\/\",\"name\":\"Proksch &amp; Partner - Rechtsanw\u00e4lte Wien\",\"description\":\"ISO 2001 zertifizierte Rechtsanwaltskanzlei \u00d6sterreich\",\"publisher\":{\"@id\":\"https:\/\/proksch.at\/en\/#organization\"},\"potentialAction\":[{\"@type\":\"SearchAction\",\"target\":{\"@type\":\"EntryPoint\",\"urlTemplate\":\"https:\/\/proksch.at\/en\/?s={search_term_string}\"},\"query-input\":{\"@type\":\"PropertyValueSpecification\",\"valueRequired\":true,\"valueName\":\"search_term_string\"}}],\"inLanguage\":\"en-US\"},{\"@type\":\"Organization\",\"@id\":\"https:\/\/proksch.at\/en\/#organization\",\"name\":\"Proksch & Partner Rechtsanw\u00e4lte OG\",\"url\":\"https:\/\/proksch.at\/en\/\",\"logo\":{\"@type\":\"ImageObject\",\"inLanguage\":\"en-US\",\"@id\":\"https:\/\/proksch.at\/en\/#\/schema\/logo\/image\/\",\"url\":\"https:\/\/proksch.at\/wp-content\/uploads\/proksch_u_partner_Facebook_Profilbild_quadr.jpg\",\"contentUrl\":\"https:\/\/proksch.at\/wp-content\/uploads\/proksch_u_partner_Facebook_Profilbild_quadr.jpg\",\"width\":1200,\"height\":1200,\"caption\":\"Proksch & Partner Rechtsanw\u00e4lte OG\"},\"image\":{\"@id\":\"https:\/\/proksch.at\/en\/#\/schema\/logo\/image\/\"}},{\"@type\":\"Person\",\"@id\":\"https:\/\/proksch.at\/en\/#\/schema\/person\/4e985eb72510a5fb54d8a85af481ba81\",\"name\":\"R4aFNSVmY8Q9LJW6f8esi3BR\"}]}<\/script>\n<!-- \/ Yoast SEO plugin. -->","yoast_head_json":{"title":"Gew\u00e4hrleistungrecht Neu06.04.2022 | Proksch &amp; Partner - Rechtsanw\u00e4lte Wien","robots":{"index":"noindex","follow":"follow"},"og_locale":"en_US","og_type":"article","og_title":"Gew\u00e4hrleistungrecht Neu06.04.2022 | Proksch &amp; Partner - Rechtsanw\u00e4lte Wien","og_description":"Gew\u00e4hrleistungrecht Neu Wien, am 06.04.2022 &nbsp; Mit Jahresanfang 2022 sind wesentliche \u00c4nderungen im Gew\u00e4hrleistungsrecht in Kraft getreten. Nachfolgend finden Sie einen \u00dcberblick. Nunmehr ist im Gew\u00e4hrleistungsrecht neben den Bestimmungen des ABGB auch das neue Verbrauchergew\u00e4hrleistungsgesetz (VGG) zu ber\u00fccksichtigen. Das VGG gilt grunds\u00e4tzlich f\u00fcr Vertr\u00e4ge zwischen Unternehmern und Verbrauchern \u00fcber den Kauf von Waren inklusive solcher, [&hellip;]","og_url":"https:\/\/proksch.at\/en\/rechtsupdates\/gewaehrleistungrecht-neu_06-04-2022\/","og_site_name":"Proksch &amp; Partner - Rechtsanw\u00e4lte Wien","article_published_time":"2022-04-06T10:19:23+00:00","article_modified_time":"2022-10-03T16:04:26+00:00","og_image":[{"width":845,"height":321,"url":"https:\/\/proksch.at\/wp-content\/uploads\/Gewaehrleistungsrecht_NEU.jpg","type":"image\/jpeg"}],"author":"R4aFNSVmY8Q9LJW6f8esi3BR","twitter_card":"summary_large_image","twitter_misc":{"Written by":"R4aFNSVmY8Q9LJW6f8esi3BR","Est. reading time":"2 minutes"},"schema":{"@context":"https:\/\/schema.org","@graph":[{"@type":"Article","@id":"https:\/\/proksch.at\/en\/rechtsupdates\/gewaehrleistungrecht-neu_06-04-2022\/#article","isPartOf":{"@id":"https:\/\/proksch.at\/en\/rechtsupdates\/gewaehrleistungrecht-neu_06-04-2022\/"},"author":{"name":"R4aFNSVmY8Q9LJW6f8esi3BR","@id":"https:\/\/proksch.at\/en\/#\/schema\/person\/4e985eb72510a5fb54d8a85af481ba81"},"headline":"Gew\u00e4hrleistungrecht Neu 06.04.2022","datePublished":"2022-04-06T10:19:23+00:00","dateModified":"2022-10-03T16:04:26+00:00","mainEntityOfPage":{"@id":"https:\/\/proksch.at\/en\/rechtsupdates\/gewaehrleistungrecht-neu_06-04-2022\/"},"wordCount":415,"publisher":{"@id":"https:\/\/proksch.at\/en\/#organization"},"image":{"@id":"https:\/\/proksch.at\/en\/rechtsupdates\/gewaehrleistungrecht-neu_06-04-2022\/#primaryimage"},"thumbnailUrl":"https:\/\/proksch.at\/wp-content\/uploads\/Gewaehrleistungsrecht_NEU.jpg","articleSection":["Rechtsupdates"],"inLanguage":"en-US"},{"@type":"WebPage","@id":"https:\/\/proksch.at\/en\/rechtsupdates\/gewaehrleistungrecht-neu_06-04-2022\/","url":"https:\/\/proksch.at\/en\/rechtsupdates\/gewaehrleistungrecht-neu_06-04-2022\/","name":"Gew\u00e4hrleistungrecht Neu 06.04.2022 | Proksch &amp; Partner - Rechtsanw\u00e4lte Wien","isPartOf":{"@id":"https:\/\/proksch.at\/en\/#website"},"primaryImageOfPage":{"@id":"https:\/\/proksch.at\/en\/rechtsupdates\/gewaehrleistungrecht-neu_06-04-2022\/#primaryimage"},"image":{"@id":"https:\/\/proksch.at\/en\/rechtsupdates\/gewaehrleistungrecht-neu_06-04-2022\/#primaryimage"},"thumbnailUrl":"https:\/\/proksch.at\/wp-content\/uploads\/Gewaehrleistungsrecht_NEU.jpg","datePublished":"2022-04-06T10:19:23+00:00","dateModified":"2022-10-03T16:04:26+00:00","breadcrumb":{"@id":"https:\/\/proksch.at\/en\/rechtsupdates\/gewaehrleistungrecht-neu_06-04-2022\/#breadcrumb"},"inLanguage":"en-US","potentialAction":[{"@type":"ReadAction","target":["https:\/\/proksch.at\/en\/rechtsupdates\/gewaehrleistungrecht-neu_06-04-2022\/"]}]},{"@type":"ImageObject","inLanguage":"en-US","@id":"https:\/\/proksch.at\/en\/rechtsupdates\/gewaehrleistungrecht-neu_06-04-2022\/#primaryimage","url":"https:\/\/proksch.at\/wp-content\/uploads\/Gewaehrleistungsrecht_NEU.jpg","contentUrl":"https:\/\/proksch.at\/wp-content\/uploads\/Gewaehrleistungsrecht_NEU.jpg","width":845,"height":321},{"@type":"BreadcrumbList","@id":"https:\/\/proksch.at\/en\/rechtsupdates\/gewaehrleistungrecht-neu_06-04-2022\/#breadcrumb","itemListElement":[{"@type":"ListItem","position":1,"name":"Startseite","item":"https:\/\/proksch.at\/en\/start\/"},{"@type":"ListItem","position":2,"name":"Gew\u00e4hrleistungrecht Neu06.04.2022"}]},{"@type":"WebSite","@id":"https:\/\/proksch.at\/en\/#website","url":"https:\/\/proksch.at\/en\/","name":"Proksch &amp; Partner - Rechtsanw\u00e4lte Wien","description":"ISO 2001 zertifizierte Rechtsanwaltskanzlei \u00d6sterreich","publisher":{"@id":"https:\/\/proksch.at\/en\/#organization"},"potentialAction":[{"@type":"SearchAction","target":{"@type":"EntryPoint","urlTemplate":"https:\/\/proksch.at\/en\/?s={search_term_string}"},"query-input":{"@type":"PropertyValueSpecification","valueRequired":true,"valueName":"search_term_string"}}],"inLanguage":"en-US"},{"@type":"Organization","@id":"https:\/\/proksch.at\/en\/#organization","name":"Proksch & Partner Rechtsanw\u00e4lte OG","url":"https:\/\/proksch.at\/en\/","logo":{"@type":"ImageObject","inLanguage":"en-US","@id":"https:\/\/proksch.at\/en\/#\/schema\/logo\/image\/","url":"https:\/\/proksch.at\/wp-content\/uploads\/proksch_u_partner_Facebook_Profilbild_quadr.jpg","contentUrl":"https:\/\/proksch.at\/wp-content\/uploads\/proksch_u_partner_Facebook_Profilbild_quadr.jpg","width":1200,"height":1200,"caption":"Proksch & Partner Rechtsanw\u00e4lte OG"},"image":{"@id":"https:\/\/proksch.at\/en\/#\/schema\/logo\/image\/"}},{"@type":"Person","@id":"https:\/\/proksch.at\/en\/#\/schema\/person\/4e985eb72510a5fb54d8a85af481ba81","name":"R4aFNSVmY8Q9LJW6f8esi3BR"}]}},"_links":{"self":[{"href":"https:\/\/proksch.at\/en\/wp-json\/wp\/v2\/posts\/1449","targetHints":{"allow":["GET"]}}],"collection":[{"href":"https:\/\/proksch.at\/en\/wp-json\/wp\/v2\/posts"}],"about":[{"href":"https:\/\/proksch.at\/en\/wp-json\/wp\/v2\/types\/post"}],"author":[{"embeddable":true,"href":"https:\/\/proksch.at\/en\/wp-json\/wp\/v2\/users\/1"}],"replies":[{"embeddable":true,"href":"https:\/\/proksch.at\/en\/wp-json\/wp\/v2\/comments?post=1449"}],"version-history":[{"count":1,"href":"https:\/\/proksch.at\/en\/wp-json\/wp\/v2\/posts\/1449\/revisions"}],"predecessor-version":[{"id":1529,"href":"https:\/\/proksch.at\/en\/wp-json\/wp\/v2\/posts\/1449\/revisions\/1529"}],"wp:featuredmedia":[{"embeddable":true,"href":"https:\/\/proksch.at\/en\/wp-json\/wp\/v2\/media\/1450"}],"wp:attachment":[{"href":"https:\/\/proksch.at\/en\/wp-json\/wp\/v2\/media?parent=1449"}],"wp:term":[{"taxonomy":"category","embeddable":true,"href":"https:\/\/proksch.at\/en\/wp-json\/wp\/v2\/categories?post=1449"},{"taxonomy":"post_tag","embeddable":true,"href":"https:\/\/proksch.at\/en\/wp-json\/wp\/v2\/tags?post=1449"}],"curies":[{"name":"wp","href":"https:\/\/api.w.org\/{rel}","templated":true}]}}