{"id":1433,"date":"2022-03-07T19:15:06","date_gmt":"2022-03-07T18:15:06","guid":{"rendered":"https:\/\/proksch.at\/?p=1433"},"modified":"2022-03-07T19:22:40","modified_gmt":"2022-03-07T18:22:40","slug":"weg-novelle-2022_07-03-2022","status":"publish","type":"post","link":"https:\/\/proksch.at\/en\/rechtsupdates\/weg-novelle-2022_07-03-2022\/","title":{"rendered":"WEG-Novelle 2022<br>07.03.2022"},"content":{"rendered":"<h2>WEG-Novelle 2022<\/h2>\n<p>Wien, am 07.03.2022<\/p>\n<p>&nbsp;<\/p>\n<p>Die wesentlichsten Neuerungen des Wohnungseigentumsgesetzes betreffen die Erleichterung der Anbringung von E-Fahrzeug-Ladestationen, Einzel-Photovoltaikanlagen sowie behindertengerechte \u00c4nderungen durch eine Zustimmungsfiktion. Weiters vereinfacht werden die Voraussetzungen f\u00fcr das wirksame Zustandekommen von Mehrheitsbeschl\u00fcssen und eine Mindestdotierung der Reparaturr\u00fccklage eingef\u00fchrt. Die Novelle ist am 1.1.2022 in Kraft getreten, wobei die \u00c4nderungen betreffend Mindestdotierungspflicht und neue Mehrheitsvariante jedoch erst ab 1.7.2022 in Kraft treten.<\/p>\n<h4>Einf\u00fchrung der Zustimmungsfiktion:<\/h4>\n<p>Die Zustimmung eines Wohnungseigent\u00fcmers gilt f\u00fcr die F\u00e4lle<\/p>\n<p>\u2022 der barrierefreien Ausgestaltung eines Wohnungseigentumsobjektes oder allgemeiner Teile der Liegenschaft,<br \/>\n\u2022 der Installation einer Vorrichtung zum Langsamladen eines Elektrofahrzeuges,<br \/>\n\u2022 der Anbringung einer Solaranlage an einem als Reihenhaus oder Einzelgeb\u00e4ude errichteten WE-Objekts,<br \/>\n\u2022 der Errichtung einer harmonisch in das Erscheinungsbild einf\u00fcgenden Beschattung und des Einbaus einbruchssicherer T\u00fcren<\/p>\n<p>als erteilt, wenn nach Zugang der Verst\u00e4ndigung \u00fcber die \u00c4nderung innerhalb von zwei Monaten nicht widersprochen wird. In der schriftlichen Mitteilung \u00fcber den \u00c4nderungswunsch muss dieser klar beschrieben und auf die Zustimmungsfiktion hingewiesen werden. Sohin ist \u2013 anders als bisher \u2013 f\u00fcr die \u00c4nderung nicht mehr zwingend eine gerichtliche Genehmigung oder aktive Zustimmung aller Wohnungseigent\u00fcmer erforderlich.<\/p>\n<h4>Erleichterung von Mehrheitsbeschl\u00fcssen:<\/h4>\n<p>Einschneidende Ver\u00e4nderung f\u00fcr das wirksame Zustandekommen von Mehrheitsbeschl\u00fcssen gem \u00a7 24 WEG treten im Rahmen der WEG-Novelle ab 1.7.2022 in Kraft.<\/p>\n<p>Ein Mehrheitsbeschluss muss bei Ma\u00dfnahmen der au\u00dferordentlichen Verwaltung, wie Verbesserungen in Zusammenhang mit der energietechnischen Ausgestaltung des Geb\u00e4udes oder bestimmter Anlagen, der Errichtung einer Ladestation f\u00fcr Elektrofahrzeuge als Gemeinschaftsanlage, der Anbringung einer Photovoltaik- oder Solaranlage oder sonstigen klimarelevanten Standardverbesserungen, gefasst werden.<\/p>\n<p>Anders als vor dem 1.7.2022 liegt nunmehr eine ausreichende Mehrheit vor, wenn ein Drittel aller Miteigentumsanteile und zwei Drittel der abgegebenen Stimmen dem Beschluss zugestimmt hat. Der Beschlussinitiator muss im Beschlussvorschlag \u00fcber die neue Mehrheitsregelung informieren. Unterbleibt die Information, so ist der Beschluss in Angelegenheiten der au\u00dferordentlichen Verwaltung nach \u00a7 29 WEG anfechtbar.<\/p>\n<h4>Mindestdotierung der R\u00fccklage:<\/h4>\n<p>Mit 1.7.2022 tritt auch in Bezug auf die R\u00fccklage gem. \u00a7 31 Abs. 1 WEG eine wesentliche Neuerung in Kraft:<\/p>\n<p>Vorgesehen ist eine zwingende R\u00fccklagendotierung in der H\u00f6he von derzeit mindestens EUR 0,90 pro Quadratmeter Nutzfl\u00e4che und Monat ab 1.7.2022, welche nach dem Verh\u00e4ltnis der Miteigentumsanteile auf die einzelnen Wohnungseigent\u00fcmer aufzuteilen ist.<\/p>\n","protected":false},"excerpt":{"rendered":"<p>WEG-Novelle 2022 Wien, am 07.03.2022 &nbsp; Die wesentlichsten Neuerungen des Wohnungseigentumsgesetzes betreffen die Erleichterung der Anbringung von E-Fahrzeug-Ladestationen, Einzel-Photovoltaikanlagen sowie behindertengerechte \u00c4nderungen durch eine Zustimmungsfiktion. Weiters vereinfacht werden die Voraussetzungen f\u00fcr das wirksame Zustandekommen von Mehrheitsbeschl\u00fcssen und eine Mindestdotierung der Reparaturr\u00fccklage eingef\u00fchrt. Die Novelle ist am 1.1.2022 in Kraft getreten, wobei die \u00c4nderungen betreffend Mindestdotierungspflicht [&hellip;]<\/p>\n","protected":false},"author":1,"featured_media":1417,"comment_status":"closed","ping_status":"closed","sticky":false,"template":"","format":"standard","meta":{"footnotes":""},"categories":[29],"tags":[],"class_list":["post-1433","post","type-post","status-publish","format-standard","has-post-thumbnail","hentry","category-rechtsupdates"],"yoast_head":"<!-- This site is optimized with the Yoast SEO plugin v25.6 - https:\/\/yoast.com\/wordpress\/plugins\/seo\/ -->\n<title>WEG-Novelle 202207.03.2022 | Proksch &amp; Partner - Rechtsanw\u00e4lte Wien<\/title>\n<meta name=\"robots\" content=\"noindex, follow\" \/>\n<meta property=\"og:locale\" content=\"en_US\" \/>\n<meta property=\"og:type\" content=\"article\" \/>\n<meta property=\"og:title\" content=\"WEG-Novelle 202207.03.2022 | Proksch &amp; Partner - Rechtsanw\u00e4lte Wien\" \/>\n<meta property=\"og:description\" content=\"WEG-Novelle 2022 Wien, am 07.03.2022 &nbsp; Die wesentlichsten Neuerungen des Wohnungseigentumsgesetzes betreffen die Erleichterung der Anbringung von E-Fahrzeug-Ladestationen, Einzel-Photovoltaikanlagen sowie behindertengerechte \u00c4nderungen durch eine Zustimmungsfiktion. Weiters vereinfacht werden die Voraussetzungen f\u00fcr das wirksame Zustandekommen von Mehrheitsbeschl\u00fcssen und eine Mindestdotierung der Reparaturr\u00fccklage eingef\u00fchrt. Die Novelle ist am 1.1.2022 in Kraft getreten, wobei die \u00c4nderungen betreffend Mindestdotierungspflicht [&hellip;]\" \/>\n<meta property=\"og:url\" content=\"https:\/\/proksch.at\/en\/rechtsupdates\/weg-novelle-2022_07-03-2022\/\" \/>\n<meta property=\"og:site_name\" content=\"Proksch &amp; Partner - Rechtsanw\u00e4lte Wien\" \/>\n<meta property=\"article:published_time\" content=\"2022-03-07T18:15:06+00:00\" \/>\n<meta property=\"article:modified_time\" content=\"2022-03-07T18:22:40+00:00\" \/>\n<meta property=\"og:image\" content=\"https:\/\/proksch.at\/wp-content\/uploads\/AdobeStock_187904226.jpg\" \/>\n\t<meta property=\"og:image:width\" content=\"1960\" \/>\n\t<meta property=\"og:image:height\" content=\"1103\" \/>\n\t<meta property=\"og:image:type\" content=\"image\/jpeg\" \/>\n<meta name=\"author\" content=\"R4aFNSVmY8Q9LJW6f8esi3BR\" \/>\n<meta name=\"twitter:card\" content=\"summary_large_image\" \/>\n<meta name=\"twitter:label1\" content=\"Written by\" \/>\n\t<meta name=\"twitter:data1\" content=\"R4aFNSVmY8Q9LJW6f8esi3BR\" \/>\n\t<meta name=\"twitter:label2\" content=\"Est. reading time\" \/>\n\t<meta name=\"twitter:data2\" content=\"2 minutes\" \/>\n<script type=\"application\/ld+json\" class=\"yoast-schema-graph\">{\"@context\":\"https:\/\/schema.org\",\"@graph\":[{\"@type\":\"Article\",\"@id\":\"https:\/\/proksch.at\/en\/rechtsupdates\/weg-novelle-2022_07-03-2022\/#article\",\"isPartOf\":{\"@id\":\"https:\/\/proksch.at\/en\/rechtsupdates\/weg-novelle-2022_07-03-2022\/\"},\"author\":{\"name\":\"R4aFNSVmY8Q9LJW6f8esi3BR\",\"@id\":\"https:\/\/proksch.at\/en\/#\/schema\/person\/4e985eb72510a5fb54d8a85af481ba81\"},\"headline\":\"WEG-Novelle 2022 07.03.2022\",\"datePublished\":\"2022-03-07T18:15:06+00:00\",\"dateModified\":\"2022-03-07T18:22:40+00:00\",\"mainEntityOfPage\":{\"@id\":\"https:\/\/proksch.at\/en\/rechtsupdates\/weg-novelle-2022_07-03-2022\/\"},\"wordCount\":362,\"publisher\":{\"@id\":\"https:\/\/proksch.at\/en\/#organization\"},\"image\":{\"@id\":\"https:\/\/proksch.at\/en\/rechtsupdates\/weg-novelle-2022_07-03-2022\/#primaryimage\"},\"thumbnailUrl\":\"https:\/\/proksch.at\/wp-content\/uploads\/AdobeStock_187904226.jpg\",\"articleSection\":[\"Rechtsupdates\"],\"inLanguage\":\"en-US\"},{\"@type\":\"WebPage\",\"@id\":\"https:\/\/proksch.at\/en\/rechtsupdates\/weg-novelle-2022_07-03-2022\/\",\"url\":\"https:\/\/proksch.at\/en\/rechtsupdates\/weg-novelle-2022_07-03-2022\/\",\"name\":\"WEG-Novelle 2022 07.03.2022 | Proksch &amp; Partner - Rechtsanw\u00e4lte Wien\",\"isPartOf\":{\"@id\":\"https:\/\/proksch.at\/en\/#website\"},\"primaryImageOfPage\":{\"@id\":\"https:\/\/proksch.at\/en\/rechtsupdates\/weg-novelle-2022_07-03-2022\/#primaryimage\"},\"image\":{\"@id\":\"https:\/\/proksch.at\/en\/rechtsupdates\/weg-novelle-2022_07-03-2022\/#primaryimage\"},\"thumbnailUrl\":\"https:\/\/proksch.at\/wp-content\/uploads\/AdobeStock_187904226.jpg\",\"datePublished\":\"2022-03-07T18:15:06+00:00\",\"dateModified\":\"2022-03-07T18:22:40+00:00\",\"breadcrumb\":{\"@id\":\"https:\/\/proksch.at\/en\/rechtsupdates\/weg-novelle-2022_07-03-2022\/#breadcrumb\"},\"inLanguage\":\"en-US\",\"potentialAction\":[{\"@type\":\"ReadAction\",\"target\":[\"https:\/\/proksch.at\/en\/rechtsupdates\/weg-novelle-2022_07-03-2022\/\"]}]},{\"@type\":\"ImageObject\",\"inLanguage\":\"en-US\",\"@id\":\"https:\/\/proksch.at\/en\/rechtsupdates\/weg-novelle-2022_07-03-2022\/#primaryimage\",\"url\":\"https:\/\/proksch.at\/wp-content\/uploads\/AdobeStock_187904226.jpg\",\"contentUrl\":\"https:\/\/proksch.at\/wp-content\/uploads\/AdobeStock_187904226.jpg\",\"width\":1960,\"height\":1103},{\"@type\":\"BreadcrumbList\",\"@id\":\"https:\/\/proksch.at\/en\/rechtsupdates\/weg-novelle-2022_07-03-2022\/#breadcrumb\",\"itemListElement\":[{\"@type\":\"ListItem\",\"position\":1,\"name\":\"Startseite\",\"item\":\"https:\/\/proksch.at\/en\/start\/\"},{\"@type\":\"ListItem\",\"position\":2,\"name\":\"WEG-Novelle 202207.03.2022\"}]},{\"@type\":\"WebSite\",\"@id\":\"https:\/\/proksch.at\/en\/#website\",\"url\":\"https:\/\/proksch.at\/en\/\",\"name\":\"Proksch &amp; Partner - Rechtsanw\u00e4lte Wien\",\"description\":\"ISO 2001 zertifizierte Rechtsanwaltskanzlei \u00d6sterreich\",\"publisher\":{\"@id\":\"https:\/\/proksch.at\/en\/#organization\"},\"potentialAction\":[{\"@type\":\"SearchAction\",\"target\":{\"@type\":\"EntryPoint\",\"urlTemplate\":\"https:\/\/proksch.at\/en\/?s={search_term_string}\"},\"query-input\":{\"@type\":\"PropertyValueSpecification\",\"valueRequired\":true,\"valueName\":\"search_term_string\"}}],\"inLanguage\":\"en-US\"},{\"@type\":\"Organization\",\"@id\":\"https:\/\/proksch.at\/en\/#organization\",\"name\":\"Proksch & Partner Rechtsanw\u00e4lte OG\",\"url\":\"https:\/\/proksch.at\/en\/\",\"logo\":{\"@type\":\"ImageObject\",\"inLanguage\":\"en-US\",\"@id\":\"https:\/\/proksch.at\/en\/#\/schema\/logo\/image\/\",\"url\":\"https:\/\/proksch.at\/wp-content\/uploads\/proksch_u_partner_Facebook_Profilbild_quadr.jpg\",\"contentUrl\":\"https:\/\/proksch.at\/wp-content\/uploads\/proksch_u_partner_Facebook_Profilbild_quadr.jpg\",\"width\":1200,\"height\":1200,\"caption\":\"Proksch & Partner Rechtsanw\u00e4lte OG\"},\"image\":{\"@id\":\"https:\/\/proksch.at\/en\/#\/schema\/logo\/image\/\"}},{\"@type\":\"Person\",\"@id\":\"https:\/\/proksch.at\/en\/#\/schema\/person\/4e985eb72510a5fb54d8a85af481ba81\",\"name\":\"R4aFNSVmY8Q9LJW6f8esi3BR\"}]}<\/script>\n<!-- \/ Yoast SEO plugin. -->","yoast_head_json":{"title":"WEG-Novelle 202207.03.2022 | Proksch &amp; Partner - Rechtsanw\u00e4lte Wien","robots":{"index":"noindex","follow":"follow"},"og_locale":"en_US","og_type":"article","og_title":"WEG-Novelle 202207.03.2022 | Proksch &amp; Partner - Rechtsanw\u00e4lte Wien","og_description":"WEG-Novelle 2022 Wien, am 07.03.2022 &nbsp; Die wesentlichsten Neuerungen des Wohnungseigentumsgesetzes betreffen die Erleichterung der Anbringung von E-Fahrzeug-Ladestationen, Einzel-Photovoltaikanlagen sowie behindertengerechte \u00c4nderungen durch eine Zustimmungsfiktion. Weiters vereinfacht werden die Voraussetzungen f\u00fcr das wirksame Zustandekommen von Mehrheitsbeschl\u00fcssen und eine Mindestdotierung der Reparaturr\u00fccklage eingef\u00fchrt. Die Novelle ist am 1.1.2022 in Kraft getreten, wobei die \u00c4nderungen betreffend Mindestdotierungspflicht [&hellip;]","og_url":"https:\/\/proksch.at\/en\/rechtsupdates\/weg-novelle-2022_07-03-2022\/","og_site_name":"Proksch &amp; Partner - Rechtsanw\u00e4lte Wien","article_published_time":"2022-03-07T18:15:06+00:00","article_modified_time":"2022-03-07T18:22:40+00:00","og_image":[{"width":1960,"height":1103,"url":"https:\/\/proksch.at\/wp-content\/uploads\/AdobeStock_187904226.jpg","type":"image\/jpeg"}],"author":"R4aFNSVmY8Q9LJW6f8esi3BR","twitter_card":"summary_large_image","twitter_misc":{"Written by":"R4aFNSVmY8Q9LJW6f8esi3BR","Est. reading time":"2 minutes"},"schema":{"@context":"https:\/\/schema.org","@graph":[{"@type":"Article","@id":"https:\/\/proksch.at\/en\/rechtsupdates\/weg-novelle-2022_07-03-2022\/#article","isPartOf":{"@id":"https:\/\/proksch.at\/en\/rechtsupdates\/weg-novelle-2022_07-03-2022\/"},"author":{"name":"R4aFNSVmY8Q9LJW6f8esi3BR","@id":"https:\/\/proksch.at\/en\/#\/schema\/person\/4e985eb72510a5fb54d8a85af481ba81"},"headline":"WEG-Novelle 2022 07.03.2022","datePublished":"2022-03-07T18:15:06+00:00","dateModified":"2022-03-07T18:22:40+00:00","mainEntityOfPage":{"@id":"https:\/\/proksch.at\/en\/rechtsupdates\/weg-novelle-2022_07-03-2022\/"},"wordCount":362,"publisher":{"@id":"https:\/\/proksch.at\/en\/#organization"},"image":{"@id":"https:\/\/proksch.at\/en\/rechtsupdates\/weg-novelle-2022_07-03-2022\/#primaryimage"},"thumbnailUrl":"https:\/\/proksch.at\/wp-content\/uploads\/AdobeStock_187904226.jpg","articleSection":["Rechtsupdates"],"inLanguage":"en-US"},{"@type":"WebPage","@id":"https:\/\/proksch.at\/en\/rechtsupdates\/weg-novelle-2022_07-03-2022\/","url":"https:\/\/proksch.at\/en\/rechtsupdates\/weg-novelle-2022_07-03-2022\/","name":"WEG-Novelle 2022 07.03.2022 | Proksch &amp; Partner - Rechtsanw\u00e4lte Wien","isPartOf":{"@id":"https:\/\/proksch.at\/en\/#website"},"primaryImageOfPage":{"@id":"https:\/\/proksch.at\/en\/rechtsupdates\/weg-novelle-2022_07-03-2022\/#primaryimage"},"image":{"@id":"https:\/\/proksch.at\/en\/rechtsupdates\/weg-novelle-2022_07-03-2022\/#primaryimage"},"thumbnailUrl":"https:\/\/proksch.at\/wp-content\/uploads\/AdobeStock_187904226.jpg","datePublished":"2022-03-07T18:15:06+00:00","dateModified":"2022-03-07T18:22:40+00:00","breadcrumb":{"@id":"https:\/\/proksch.at\/en\/rechtsupdates\/weg-novelle-2022_07-03-2022\/#breadcrumb"},"inLanguage":"en-US","potentialAction":[{"@type":"ReadAction","target":["https:\/\/proksch.at\/en\/rechtsupdates\/weg-novelle-2022_07-03-2022\/"]}]},{"@type":"ImageObject","inLanguage":"en-US","@id":"https:\/\/proksch.at\/en\/rechtsupdates\/weg-novelle-2022_07-03-2022\/#primaryimage","url":"https:\/\/proksch.at\/wp-content\/uploads\/AdobeStock_187904226.jpg","contentUrl":"https:\/\/proksch.at\/wp-content\/uploads\/AdobeStock_187904226.jpg","width":1960,"height":1103},{"@type":"BreadcrumbList","@id":"https:\/\/proksch.at\/en\/rechtsupdates\/weg-novelle-2022_07-03-2022\/#breadcrumb","itemListElement":[{"@type":"ListItem","position":1,"name":"Startseite","item":"https:\/\/proksch.at\/en\/start\/"},{"@type":"ListItem","position":2,"name":"WEG-Novelle 202207.03.2022"}]},{"@type":"WebSite","@id":"https:\/\/proksch.at\/en\/#website","url":"https:\/\/proksch.at\/en\/","name":"Proksch &amp; Partner - Rechtsanw\u00e4lte Wien","description":"ISO 2001 zertifizierte Rechtsanwaltskanzlei \u00d6sterreich","publisher":{"@id":"https:\/\/proksch.at\/en\/#organization"},"potentialAction":[{"@type":"SearchAction","target":{"@type":"EntryPoint","urlTemplate":"https:\/\/proksch.at\/en\/?s={search_term_string}"},"query-input":{"@type":"PropertyValueSpecification","valueRequired":true,"valueName":"search_term_string"}}],"inLanguage":"en-US"},{"@type":"Organization","@id":"https:\/\/proksch.at\/en\/#organization","name":"Proksch & Partner Rechtsanw\u00e4lte OG","url":"https:\/\/proksch.at\/en\/","logo":{"@type":"ImageObject","inLanguage":"en-US","@id":"https:\/\/proksch.at\/en\/#\/schema\/logo\/image\/","url":"https:\/\/proksch.at\/wp-content\/uploads\/proksch_u_partner_Facebook_Profilbild_quadr.jpg","contentUrl":"https:\/\/proksch.at\/wp-content\/uploads\/proksch_u_partner_Facebook_Profilbild_quadr.jpg","width":1200,"height":1200,"caption":"Proksch & Partner Rechtsanw\u00e4lte OG"},"image":{"@id":"https:\/\/proksch.at\/en\/#\/schema\/logo\/image\/"}},{"@type":"Person","@id":"https:\/\/proksch.at\/en\/#\/schema\/person\/4e985eb72510a5fb54d8a85af481ba81","name":"R4aFNSVmY8Q9LJW6f8esi3BR"}]}},"_links":{"self":[{"href":"https:\/\/proksch.at\/en\/wp-json\/wp\/v2\/posts\/1433","targetHints":{"allow":["GET"]}}],"collection":[{"href":"https:\/\/proksch.at\/en\/wp-json\/wp\/v2\/posts"}],"about":[{"href":"https:\/\/proksch.at\/en\/wp-json\/wp\/v2\/types\/post"}],"author":[{"embeddable":true,"href":"https:\/\/proksch.at\/en\/wp-json\/wp\/v2\/users\/1"}],"replies":[{"embeddable":true,"href":"https:\/\/proksch.at\/en\/wp-json\/wp\/v2\/comments?post=1433"}],"version-history":[{"count":0,"href":"https:\/\/proksch.at\/en\/wp-json\/wp\/v2\/posts\/1433\/revisions"}],"wp:featuredmedia":[{"embeddable":true,"href":"https:\/\/proksch.at\/en\/wp-json\/wp\/v2\/media\/1417"}],"wp:attachment":[{"href":"https:\/\/proksch.at\/en\/wp-json\/wp\/v2\/media?parent=1433"}],"wp:term":[{"taxonomy":"category","embeddable":true,"href":"https:\/\/proksch.at\/en\/wp-json\/wp\/v2\/categories?post=1433"},{"taxonomy":"post_tag","embeddable":true,"href":"https:\/\/proksch.at\/en\/wp-json\/wp\/v2\/tags?post=1433"}],"curies":[{"name":"wp","href":"https:\/\/api.w.org\/{rel}","templated":true}]}}